{"id":1144,"date":"2022-10-25T10:05:50","date_gmt":"2022-10-25T13:05:50","guid":{"rendered":"https:\/\/humanas.blog.scielo.org\/en\/?p=1144"},"modified":"2023-04-27T13:30:26","modified_gmt":"2023-04-27T16:30:26","slug":"children-and-the-use-of-social-media-in-the-fight-against-covid-19-is-it-possible-to-talk-about-child-activism","status":"publish","type":"post","link":"https:\/\/humanas.blog.scielo.org\/en\/2022\/10\/25\/children-and-the-use-of-social-media-in-the-fight-against-covid-19-is-it-possible-to-talk-about-child-activism\/","title":{"rendered":"Children and the use of social media in the fight against COVID-19: Is it possible to talk about child activism?"},"content":{"rendered":"<p><strong>Bianca Orrico Serr\u00e3o, Investigator, University of Minho, Braga, Portugal.<\/strong><\/p>\n<p><strong>Juliana Prates Santana, Professor, Federal University of Bahia, Salvador, Bahia, Brazil.<\/strong><\/p>\n<p><a href=\"https:\/\/humanas.blog.scielo.org\/wp-content\/uploads\/2021\/06\/es_glogo.gif\" target=\"_blank\" rel=\"noopener\"><img loading=\"lazy\" decoding=\"async\" class=\"alignright wp-image-8019 size-full\" src=\"https:\/\/humanas.blog.scielo.org\/wp-content\/uploads\/2021\/06\/es_glogo.gif\" alt=\"Logo do peri\u00f3dico Educa\u00e7\u00e3o &amp; Sociedade\" width=\"299\" height=\"95\" \/><\/a>The presence of children on social media has been a matter of debate and a lot of concern, due to the risks to which children are exposed, especially the younger ones. The risks arising from this hyper-exposure are indisputable and need to be the target of collective protection actions. In this sense, the article <a href=\"https:\/\/www.scielo.br\/j\/es\/a\/s4nD8H6p8TfhSY9WxRtnHrJ\/abstract\/?lang=en\" target=\"_blank\" rel=\"noopener\">Children&#8217;s digital activism in times of a pandemic<\/a>, published in the journal <em>Educa\u00e7\u00e3o &amp; Sociedade<\/em> (vol. 43), seeks to discuss the social participation of children in digital platforms, based on the presentation of the actions of children considered digital influencers around the world, specifically with regard to raising awareness and coping with COVID-19.<\/p>\n<p>The pandemic has brought numerous challenges and changes in modes of communication and social relationships, especially the need for social isolation and, in the case of children, the closing of schools. With this scenario, access to the Internet has become even more necessary, highlighting the digital divide present today, since 37% of the entire world population still does not have access to the Internet, according to the International Telecommunication Union (United Nations, 2021).<\/p>\n<p>With the changes made so suddenly in daily habits and ways of life, children, who are not indifferent to their reality and to what has happened, sought through social media to share actions and reflections on what has happened, as well as strategies of mobilization to contribute to the prevention of the disease without leaving their homes. Even with significant changes in the conception of childhood in the West, especially from the contributions of the Sociology of Childhood, a view of the child as someone considered incapable and who must be protected from what is evaluated by adults as adequate prevails.<\/p>\n<p>Qvortrup (2010) points out that sustaining this concept of keeping children away from economics and politics is unrealistic, since they must be part of a project to build the future. Sarmento (2005) reinforces this concept, adding factors related to class, gender, and culture, which socially oppress childhood, making it necessary to think from a critical perspective, articulating participatory investigations with actions promoted in the social structure. Children with wide visibility on social medias and considered digital influencers, occupied different spaces on the digital space to raise awareness about the containment of the virus.<\/p>\n<div id=\"attachment_10926\" style=\"width: 1010px\" class=\"wp-caption aligncenter\"><a href=\"https:\/\/humanas.blog.scielo.org\/wp-content\/uploads\/2022\/10\/crianca_img.png\" target=\"_blank\" rel=\"noopener\"><img loading=\"lazy\" decoding=\"async\" aria-describedby=\"caption-attachment-10926\" class=\"wp-image-10926 size-full\" src=\"https:\/\/humanas.blog.scielo.org\/wp-content\/uploads\/2022\/10\/crianca_img.png\" alt=\"\" width=\"1000\" height=\"707\" \/><\/a><p id=\"caption-attachment-10926\" class=\"wp-caption-text\"><em>Imagem: <a href=\"https:\/\/pixabay.com\/pt\/vectors\/mapa-projeto-terra-geografia-4695145\/\" target=\"_blank\" rel=\"noopener\">Tibor Janosi Mozes \/\u00a0Pixabay<\/a>.<\/em><\/p><\/div>\n<p>The research is the result of a study prepared for the doctoral thesis \u201cCivic participation of children in online spaces: The occupation of social medias by children digital influencers\u201d. As a result of the pandemic, the importance of investigating the actions of children during this period was evaluated, with data collected through digital ethnography, which allows analyzing \u201cdigital phenomena and the possibility of being understood in their own experiences\u201d (FERRAZ, 2019, p. 54). The children presented in this investigation were followed through different platforms (Instagram, Twitter, TikTok and YouTube), and the selection of participants was designed so that, when adding a profile, the algorithm suggested others similar to children activists and influencers from different backgrounds and countries.<\/p>\n<p>From the analysis carried out, it was possible to identify that the role of children on the Internet represents a great step towards the recognition of their participation in different social and political spheres, since there is still an invisibility of this social group regarding their political rights. The Internet has given visibility to minority groups that until then were not heard, such as children, allowing them to express their opinions and concerns on issues related to citizenship and politics, in addition to engaging in actions they consider relevant in an articulated way, obtaining greater enlargement of their voices through social media and accessing people who were disregarded in the agendas of social movements.<\/p>\n<p>It is important to point out that the permanence of children on the Internet is a fact of reality and that there are many benefits in a way of life in which children and adults can share opinions, actions, forms of mobilization, ways of perceiving the world, etc. However, it is important to understand that this is a space that involves risks, including the appropriation of children&#8217;s cultural capital and influence by large corporations.<\/p>\n<p>Children need to understand the risks they are subjected to, and for that, it is necessary to promote spaces for awareness and digital literacy, since many children can be the target of misinformation through digital platforms, in addition to offenses and violations in these spaces. It is suggested that further studies be carried out to broaden the discussion on the role of child activists, the impact on child participation in relevant and urgent social issues and how to protect them from possible risk situations when occupying these spaces.<\/p>\n<p><iframe loading=\"lazy\" src=\"https:\/\/anchor.fm\/scielo\/embed\/episodes\/As-crianas-e-o-uso-das-redes-sociais-no-combate-a-COVID-19--possvel-falar-em-ativismo-infantil-e1pnoen\" width=\"400px\" height=\"102px\" frameborder=\"0\" scrolling=\"no\"><\/iframe><\/p>\n<h3>References<\/h3>\n<p>FERRAZ, C.P. A etnografia digital e os fundamentos da Antropologia para estudos em redes on-line. <em>Aurora: revista de arte, m\u00eddia e pol\u00edtica<\/em> [online]. 2019, vol. 12, no. 35, pp. 46-69 [viewed 25 October 2022]. <a href=\"https:\/\/doi.org\/10.23925\/v12n35_artigo3\" target=\"_blank\" rel=\"noopener\">https:\/\/doi.org\/10.23925\/v12n35_artigo3<\/a>. Available from: <a href=\"https:\/\/revistas.pucsp.br\/aurora\/article\/download\/44648\/pdf\" target=\"_blank\" rel=\"noopener\">https:\/\/revistas.pucsp.br\/aurora\/article\/download\/44648\/pdf<\/a><\/p>\n<p>NA\u00c7\u00d5ES UNIDAS. Cerca de 2,9 bilh\u00f5es de pessoas nunca usaram a internet por falta de acesso. ONU NEWS, 2021 [viewed 25 October 2022]. Available from: <a href=\"https:\/\/news.un.org\/pt\/story\/2021\/12\/1772182\">https:\/\/news.un.org\/pt\/story\/2021\/12\/1772182<\/a><\/p>\n<p>QVORTRUP, J. Inf\u00e2ncia e pol\u00edtica. <em>Cadernos de Pesquisa<\/em> [online]. 2010, vol. 40, no. 141, pp. 777-792 [viewed 25 October 2022]. <a href=\"https:\/\/doi.org\/10.1590\/S0100-15742010000300006\" target=\"_blank\" rel=\"noopener\">https:\/\/doi.org\/10.1590\/S0100-15742010000300006<\/a>. Available from: <a href=\"https:\/\/www.scielo.br\/j\/cp\/a\/bqRcpxVHmtt6VzH7mvP6VHb\/\" target=\"_blank\" rel=\"noopener\">https:\/\/www.scielo.br\/j\/cp\/a\/bqRcpxVHmtt6VzH7mvP6VHb\/<\/a><\/p>\n<p>SARMENTO, M.J. Gera\u00e7\u00f5es e alteridade: interroga\u00e7\u00f5es a partir da sociologia da inf\u00e2ncia. <em>Educa\u00e7\u00e3o &amp; Sociedade<\/em> [online]. 2005, vol. 26, no. 91, pp. 361-378 [viewed 25 October 2022] <a href=\"https:\/\/doi.org\/10.1590\/S0101-73302005000200003\" target=\"_blank\" rel=\"noopener\">https:\/\/doi.org\/10.1590\/S0101-73302005000200003<\/a>. Available from: <a href=\"https:\/\/www.scielo.br\/j\/es\/a\/3PLsn8PhMzxZJzvdDC3gdKz\/\" target=\"_blank\" rel=\"noopener\">https:\/\/www.scielo.br\/j\/es\/a\/3PLsn8PhMzxZJzvdDC3gdKz\/<\/a><\/p>\n<h3>To read the article, access<\/h3>\n<p>SERR\u00c3O, B.O. and SARMENTO, M.J., and SANTANA, J.P. Children&#8217;s digital activism in times of pandemic. <em>Educa\u00e7\u00e3o &amp; Sociedade<\/em> [online]. 2022, vol. 43, e257004 [viewed 25 October 2022]. <a href=\"https:\/\/doi.org\/10.1590\/ES.257004\" target=\"_blank\" rel=\"noopener\">https:\/\/doi.org\/10.1590\/ES.257004<\/a>. Available from: <a href=\"https:\/\/www.scielo.br\/j\/es\/a\/s4nD8H6p8TfhSY9WxRtnHrJ\/abstract\/?lang=en\" target=\"_blank\" rel=\"noopener\">https:\/\/www.scielo.br\/j\/es\/a\/s4nD8H6p8TfhSY9WxRtnHrJ\/abstract\/?lang=en<\/a><\/p>\n<h3><b>External links<\/b><\/h3>\n<p>Educa\u00e7\u00e3o &amp; Sociedade \u2013 Redes sociais: <a href=\"https:\/\/www.facebook.com\/ES.cedes\/\" target=\"_blank\" rel=\"noopener\">Facebook<\/a> | <a href=\"https:\/\/twitter.com\/ES_cedes\" target=\"_blank\" rel=\"noopener\">Twitter<\/a> | <a href=\"http:\/\/www.linkedin.com\/in\/educa\u00e7\u00e3o-e-sociedade\" target=\"_blank\" rel=\"noopener\">LinkedIn<\/a><\/p>\n<p>Bianca Orrico Serr\u00e3o &#8211; Lattes: <a href=\"http:\/\/lattes.cnpq.br\/5140010057198294\" target=\"_blank\" rel=\"noopener\">http:\/\/lattes.cnpq.br\/5140010057198294<\/a><\/p>\n<p>Juliana Prates Santana &#8211; Lattes: <a href=\"http:\/\/lattes.cnpq.br\/5039427427945450\" target=\"_blank\" rel=\"noopener\">http:\/\/lattes.cnpq.br\/5039427427945450<\/a><\/p>\n<p>Educa\u00e7\u00e3o &amp; Sociedade \u2013 ES: <a href=\"https:\/\/www.scielo.br\/j\/es\/\" target=\"_blank\" rel=\"noopener\">https:\/\/www.scielo.br\/j\/es\/<\/a><\/p>\n","protected":false},"excerpt":{"rendered":"<p>The presence of children in social media has been the subject of several researches and also of concern of parents and specialists about the risks related to this practice. For this reason, a new possibility for understanding this phenomenon is presented, called children&#8217;s digital activism, with a focus on coping with the COVID-19 pandemic. <span class=\"ellipsis\">&hellip;<\/span> <span class=\"more-link-wrap\"><a href=\"https:\/\/humanas.blog.scielo.org\/en\/2022\/10\/25\/children-and-the-use-of-social-media-in-the-fight-against-covid-19-is-it-possible-to-talk-about-child-activism\/\" class=\"more-link\"><span>Read More &rarr;<\/span><\/a><\/span><\/p>\n","protected":false},"author":350,"featured_media":1146,"comment_status":"open","ping_status":"open","sticky":false,"template":"","format":"standard","meta":{"_monsterinsights_skip_tracking":false,"_monsterinsights_sitenote_active":false,"_monsterinsights_sitenote_note":"","_monsterinsights_sitenote_category":0,"footnotes":"","_links_to":"","_links_to_target":""},"categories":[76,132,7],"tags":[57,140],"class_list":["post-1144","post","type-post","status-publish","format-standard","has-post-thumbnail","hentry","category-es","category-podcast","category-press-release","tag-educacao-sociedade","tag-education"],"aioseo_notices":[],"_links":{"self":[{"href":"https:\/\/humanas.blog.scielo.org\/en\/wp-json\/wp\/v2\/posts\/1144","targetHints":{"allow":["GET"]}}],"collection":[{"href":"https:\/\/humanas.blog.scielo.org\/en\/wp-json\/wp\/v2\/posts"}],"about":[{"href":"https:\/\/humanas.blog.scielo.org\/en\/wp-json\/wp\/v2\/types\/post"}],"author":[{"embeddable":true,"href":"https:\/\/humanas.blog.scielo.org\/en\/wp-json\/wp\/v2\/users\/350"}],"replies":[{"embeddable":true,"href":"https:\/\/humanas.blog.scielo.org\/en\/wp-json\/wp\/v2\/comments?post=1144"}],"version-history":[{"count":3,"href":"https:\/\/humanas.blog.scielo.org\/en\/wp-json\/wp\/v2\/posts\/1144\/revisions"}],"predecessor-version":[{"id":1149,"href":"https:\/\/humanas.blog.scielo.org\/en\/wp-json\/wp\/v2\/posts\/1144\/revisions\/1149"}],"wp:featuredmedia":[{"embeddable":true,"href":"https:\/\/humanas.blog.scielo.org\/en\/wp-json\/wp\/v2\/media\/1146"}],"wp:attachment":[{"href":"https:\/\/humanas.blog.scielo.org\/en\/wp-json\/wp\/v2\/media?parent=1144"}],"wp:term":[{"taxonomy":"category","embeddable":true,"href":"https:\/\/humanas.blog.scielo.org\/en\/wp-json\/wp\/v2\/categories?post=1144"},{"taxonomy":"post_tag","embeddable":true,"href":"https:\/\/humanas.blog.scielo.org\/en\/wp-json\/wp\/v2\/tags?post=1144"}],"curies":[{"name":"wp","href":"https:\/\/api.w.org\/{rel}","templated":true}]}}