{"id":309,"date":"2018-10-24T10:00:38","date_gmt":"2018-10-24T13:00:38","guid":{"rendered":"https:\/\/humanas.blog.scielo.org\/en\/?p=309"},"modified":"2023-04-27T13:43:44","modified_gmt":"2023-04-27T16:43:44","slug":"what-can-an-art-journal-in-terms-of-internationalization","status":"publish","type":"post","link":"https:\/\/humanas.blog.scielo.org\/en\/2018\/10\/24\/what-can-an-art-journal-in-terms-of-internationalization\/","title":{"rendered":"What can an art journal in terms of internationalization?"},"content":{"rendered":"<p><strong>Anna Mirabella, Professor, Associate-Editor, <em>Universit\u00e9 de Nantes<\/em>, France<\/strong><\/p>\n<p><a href=\"https:\/\/humanas.blog.scielo.org\/en\/wp-content\/uploads\/sites\/2\/2018\/10\/rbep_logo.gif\" target=\"_blank\" rel=\"noopener noreferrer\"><img loading=\"lazy\" decoding=\"async\" class=\"alignright wp-image-273 size-medium\" src=\"https:\/\/humanas.blog.scielo.org\/en\/wp-content\/uploads\/sites\/2\/2018\/10\/rbep_logo-300x81.gif\" alt=\"\" width=\"300\" height=\"81\" srcset=\"https:\/\/humanas.blog.scielo.org\/en\/wp-content\/uploads\/sites\/2\/2018\/10\/rbep_logo-300x81.gif 300w, https:\/\/humanas.blog.scielo.org\/en\/wp-content\/uploads\/sites\/2\/2018\/10\/rbep_logo-150x40.gif 150w\" sizes=\"auto, (max-width: 300px) 100vw, 300px\" \/><\/a>We live in a world in which images and words circulate seemingly without hindrance, while bodies often run the risk of being prisoners of material or cultural boundaries. More than that, in the globalized world, the risk of an artificial dissociation, source of standardization between bodies, on the one hand, and words and images, on the other hand, is profound.<\/p>\n<p>Performance arts and performing arts, in general, emerge as a kind of experimental laboratory in which the agency of bodies-images-words can be discussed, deconstructed and reinvented in presence and in the scene. To do so, to tell multiple stories about how it is defined in different cultures and epochs, to debate its evolution and its forms of hybridization, reveals one of the great challenges of our globalized modernity and its history.<\/p>\n<p>It is from this perspective that the journal has become a place of exchange and sharing of experiences and reflections of a vast network of international researchers.<\/p>\n<p>This sense of internationalization, in fact, is cherished by us, since it is not about unilateral, hierarchical and colonial relations; but of an apparatus of horizontal relations that occur through a complex process of publication. This process is not limited to putting any articles online, but in a meticulous work in which international relations function as both a catalyst for the latest research results and as inducer of meetings and debates that advance the area of \u200b\u200barts in different countries.<\/p>\n<p>According to Farias (2017: 401) &#8220;In order to compete in the international publishing market, the prospect that the path to internationalization will be through editorial professionalization is established, in which a publisher will be responsible for the operational and managerial parts , and the academic-scientific part will be the responsibility of a diverse editorial body with an excellent academic-scientific reputation.\u201d<\/p>\n<p>Next, Professor Anna Mirabella, our Associate-editor in France, comments on her work as an editor and the importance of an internationalized journal.<\/p>\n<p><iframe loading=\"lazy\" title=\"Conversa com Anna Mirabella sobre a internacionaliza\u00e7\u00e3o de um peri\u00f3dico de artes\" width=\"640\" height=\"360\" src=\"https:\/\/www.youtube.com\/embed\/251GHdYhnfU?feature=oembed\" frameborder=\"0\" allow=\"accelerometer; autoplay; clipboard-write; encrypted-media; gyroscope; picture-in-picture; web-share\" referrerpolicy=\"strict-origin-when-cross-origin\" allowfullscreen><\/iframe><\/p>\n<h3>To read the article, access<\/h3>\n<p>FARIAS, S. A. Internacionaliza\u00e7\u00e3o dos peri\u00f3dicos brasileiros<span class=\"article-title\">.<\/span><i>\u00a0Rev. adm. empres.<\/i>\u00a0[online]. 2017, vol.57, n.4\u00a0 pp.401-404.\u00a0ISSN 0034-7590. [viewed 11 October 2018]. DOI:\u00a0<a href=\"http:\/\/dx.doi.org\/10.1590\/s0034-759020170409\" target=\"_blank\" rel=\"noopener noreferrer\">10.1590\/s0034-759020170409<\/a>. Available from: <a href=\"http:\/\/ref.scielo.org\/7c54yy\" target=\"_blank\" rel=\"noopener noreferrer\">http:\/\/ref.scielo.org\/7c54yy<\/a><\/p>\n<h3>External link<\/h3>\n<p>Revista Brasileira de Estudos da Presen\u00e7a &#8211; RBEP: <a href=\"http:\/\/www.scielo.br\/rbep\" target=\"_blank\" rel=\"noopener noreferrer\">www.scielo.br\/rbep<\/a><\/p>\n<h3>About Anna Mirabella<\/h3>\n<div id=\"attachment_310\" style=\"width: 160px\" class=\"wp-caption alignleft\"><a href=\"https:\/\/humanas.blog.scielo.org\/en\/wp-content\/uploads\/sites\/2\/2018\/10\/Anna-Mirabella.jpg\" target=\"_blank\" rel=\"noopener noreferrer\"><img loading=\"lazy\" decoding=\"async\" aria-describedby=\"caption-attachment-310\" class=\"Anna Mirabella wp-image-310 size-thumbnail\" title=\"Anna Mirabella\" src=\"https:\/\/humanas.blog.scielo.org\/en\/wp-content\/uploads\/sites\/2\/2018\/10\/Anna-Mirabella-150x150.jpg\" alt=\"Anna Mirabella\" width=\"150\" height=\"150\" srcset=\"https:\/\/humanas.blog.scielo.org\/en\/wp-content\/uploads\/sites\/2\/2018\/10\/Anna-Mirabella-150x150.jpg 150w, https:\/\/humanas.blog.scielo.org\/en\/wp-content\/uploads\/sites\/2\/2018\/10\/Anna-Mirabella.jpg 225w\" sizes=\"auto, (max-width: 150px) 100vw, 150px\" \/><\/a><p id=\"caption-attachment-310\" class=\"wp-caption-text\">Anna Mirabella<\/p><\/div>\n<p>Anna Mirabella has a PhD in History from the <em>Universit\u00e0 degli Studi di Trieste<\/em> in Italy; she is a professor in theater and politics in modern and contemporary times at the <em>Universit\u00e9 de Nantes<\/em> in France. e-mail: <a href=\"mailto:anna.mirabella@univ-nantes.fr\">anna.mirabella@univ-nantes.fr<\/a><\/p>\n","protected":false},"excerpt":{"rendered":"<p>How can a journal serve as an element of exchange between foreign researchers? How does the Brazilian Journal on Presence Studies echoes in the world? How to imagine the journal\u2019s future in the area from a Latin American and plural look? <span class=\"ellipsis\">&hellip;<\/span> <span class=\"more-link-wrap\"><a href=\"https:\/\/humanas.blog.scielo.org\/en\/2018\/10\/24\/what-can-an-art-journal-in-terms-of-internationalization\/\" class=\"more-link\"><span>Read More &rarr;<\/span><\/a><\/span><\/p>\n","protected":false},"author":224,"featured_media":311,"comment_status":"open","ping_status":"open","sticky":false,"template":"","format":"standard","meta":{"_monsterinsights_skip_tracking":false,"_monsterinsights_sitenote_active":false,"_monsterinsights_sitenote_note":"","_monsterinsights_sitenote_category":0,"footnotes":"","_links_to":"","_links_to_target":""},"categories":[6,94,45,93],"tags":[147,95],"class_list":["post-309","post","type-post","status-publish","format-standard","has-post-thumbnail","hentry","category-interview","category-rbep","category-rbep-week","category-video","tag-arts","tag-revista-brasileira-de-estudos-da-presenca"],"aioseo_notices":[],"_links":{"self":[{"href":"https:\/\/humanas.blog.scielo.org\/en\/wp-json\/wp\/v2\/posts\/309","targetHints":{"allow":["GET"]}}],"collection":[{"href":"https:\/\/humanas.blog.scielo.org\/en\/wp-json\/wp\/v2\/posts"}],"about":[{"href":"https:\/\/humanas.blog.scielo.org\/en\/wp-json\/wp\/v2\/types\/post"}],"author":[{"embeddable":true,"href":"https:\/\/humanas.blog.scielo.org\/en\/wp-json\/wp\/v2\/users\/224"}],"replies":[{"embeddable":true,"href":"https:\/\/humanas.blog.scielo.org\/en\/wp-json\/wp\/v2\/comments?post=309"}],"version-history":[{"count":5,"href":"https:\/\/humanas.blog.scielo.org\/en\/wp-json\/wp\/v2\/posts\/309\/revisions"}],"predecessor-version":[{"id":1047,"href":"https:\/\/humanas.blog.scielo.org\/en\/wp-json\/wp\/v2\/posts\/309\/revisions\/1047"}],"wp:featuredmedia":[{"embeddable":true,"href":"https:\/\/humanas.blog.scielo.org\/en\/wp-json\/wp\/v2\/media\/311"}],"wp:attachment":[{"href":"https:\/\/humanas.blog.scielo.org\/en\/wp-json\/wp\/v2\/media?parent=309"}],"wp:term":[{"taxonomy":"category","embeddable":true,"href":"https:\/\/humanas.blog.scielo.org\/en\/wp-json\/wp\/v2\/categories?post=309"},{"taxonomy":"post_tag","embeddable":true,"href":"https:\/\/humanas.blog.scielo.org\/en\/wp-json\/wp\/v2\/tags?post=309"}],"curies":[{"name":"wp","href":"https:\/\/api.w.org\/{rel}","templated":true}]}}