{"id":249,"date":"2021-05-20T15:00:31","date_gmt":"2021-05-20T18:00:31","guid":{"rendered":"https:\/\/humanas.blog.scielo.org\/es\/?p=249"},"modified":"2023-04-28T12:50:58","modified_gmt":"2023-04-28T15:50:58","slug":"revistas-academicas-en-el-campo-cientifico-de-la-administracion-estrellas-o-apoyo","status":"publish","type":"post","link":"https:\/\/humanas.blog.scielo.org\/es\/2021\/05\/20\/revistas-academicas-en-el-campo-cientifico-de-la-administracion-estrellas-o-apoyo\/","title":{"rendered":"Revistas acad\u00e9micas en el campo cient\u00edfico de la Administraci\u00f3n: \u00bfestrellas o apoyo?"},"content":{"rendered":"<p><strong>Alketa Peci, Fundaci\u00f3n Getulio Vargas, Escuela Brasile\u00f1a de Administraci\u00f3n P\u00fablica y Empresarial, Rio de Janeiro, RJ, Brasil.<\/strong><\/p>\n<p><strong>Lilian Alfaia Monteiro, Universidad Federal de Juiz de Fora, Faculdad de Administraci\u00f3n y Ciencias\u00a0 Contables, Juiz de Fora, MG, Brasil.<\/strong><\/p>\n<p><a href=\"https:\/\/humanas.blog.scielo.org\/wp-content\/uploads\/2021\/05\/Imagem_SE-RAE_Logo-60-anos-200x300.jpg\" target=\"_blank\" rel=\"noopener noreferrer\"><img loading=\"lazy\" decoding=\"async\" class=\"alignright wp-image-7893\" src=\"https:\/\/humanas.blog.scielo.org\/wp-content\/uploads\/2021\/05\/Imagem_SE-RAE_Logo-60-anos-200x300.jpg\" sizes=\"auto, (max-width: 171px) 100vw, 171px\" srcset=\"https:\/\/humanas.blog.scielo.org\/wp-content\/uploads\/2021\/05\/Imagem_SE-RAE_Logo-60-anos-200x300.jpg 200w, https:\/\/humanas.blog.scielo.org\/wp-content\/uploads\/2021\/05\/Imagem_SE-RAE_Logo-60-anos-150x225.jpg 150w, https:\/\/humanas.blog.scielo.org\/wp-content\/uploads\/2021\/05\/Imagem_SE-RAE_Logo-60-anos.jpg 459w\" alt=\"\" width=\"171\" height=\"257\" \/><\/a>No En el art\u00edculo &#8220;<a href=\"http:\/\/ref.scielo.org\/rqjb6r\" target=\"_blank\" rel=\"noopener noreferrer\">Revistas acad\u00e9micas como agentes en el campo cient\u00edfico de la Administraci\u00f3n<\/a>&#8221; contextualizamos c\u00f3mo el surgimiento del campo de la Administraci\u00f3n como un campo de conocimiento diferenciado respondi\u00f3 a la consolidaci\u00f3n de la reforma administrativa de la Era Vargas y al proyecto industrial-desarrollista, en marcha en el pa\u00eds desde la d\u00e9cada de 1930, y materializado con el establecimiento de los primeros cursos de Administraci\u00f3n a partir de las d\u00e9cadas de 1940 y 1950 (Barros &amp; Carrieri, 2013). En pocas d\u00e9cadas este campo prolifera num\u00e9ricamente en varias dimensiones: miles de cursos de pregrado y decenas de programas de posgrado (Bertero, 2003), fortalecimiento de asociaciones como la Asociaci\u00f3n Nacional de Estudios de Posgrado e Investigaci\u00f3n en Administraci\u00f3n (ANPAD), multiplicaci\u00f3n eventos y consolidaci\u00f3n de criterios de evaluaci\u00f3n institucionales e individuales que premien o castiguen la calidad y la productividad (Peci &amp; Alcadipani, 2006). La din\u00e1mica de las revistas acad\u00e9micas de negocios acompa\u00f1an y reflejan este crecimiento cuantitativo en el campo. Las primeras revistas aparecieron en la d\u00e9cada de 1960 (RAUSP, RAP y RAE) y dominaron la producci\u00f3n cient\u00edfica del campo durante varias d\u00e9cadas. Esta producci\u00f3n comenz\u00f3 a crecer paulatinamente en la d\u00e9cada de 1980-1990, pero el salto cuantitativo se inici\u00f3 en el a\u00f1o 2000. Hoy existen m\u00e1s de 300 revistas acad\u00e9micas en el campo de la Administraci\u00f3n (Rosa &amp; Romani-Dias, 2019a). A\u00fan sabemos poco sobre c\u00f3mo se posicionan estos actores en el campo cient\u00edfico de la Administraci\u00f3n y c\u00f3mo a\u00fan se diferencian entre ellos.<\/p>\n<p>Las revistas acad\u00e9micas cumplen una doble funci\u00f3n: son el principal medio de comunicaci\u00f3n para la producci\u00f3n cient\u00edfica de un campo para sus miembros internos (investigadores) y externos (medios de comunicaci\u00f3n, sociedad); son, a la vez, agentes importantes en el campo cient\u00edfico de la Administraci\u00f3n, junto a investigadores, programas, asociaciones y otros actores relevantes que marcan su din\u00e1mica.<\/p>\n<div id=\"attachment_7954\" style=\"width: 680px\" class=\"wp-caption aligncenter\"><a href=\"https:\/\/humanas.blog.scielo.org\/wp-content\/uploads\/2021\/05\/Imagem_post-8_Revistas-acad%C3%AAmicas-no-campo-cient%C3%ADfico-de-Administra%C3%A7%C3%A3o-estrelas-ou-coadjuvantes-768x440.jpg\" target=\"_blank\" rel=\"noopener noreferrer\"><img loading=\"lazy\" decoding=\"async\" aria-describedby=\"caption-attachment-7954\" class=\"wp-image-7954\" src=\"https:\/\/humanas.blog.scielo.org\/wp-content\/uploads\/2021\/05\/Imagem_post-8_Revistas-acad%C3%AAmicas-no-campo-cient%C3%ADfico-de-Administra%C3%A7%C3%A3o-estrelas-ou-coadjuvantes.jpg\" alt=\"\" width=\"670\" height=\"384\" aria-describedby=\"caption-attachment-7954\" \/><\/a><p id=\"caption-attachment-7954\" class=\"wp-caption-text\">Imagem: Mangostar por Shutterstock.<\/p><\/div>\n<p>Con el \u00e1rea de Estudios Organizacionales como extracto, analizamos ret\u00f3ricamente 500 art\u00edculos cient\u00edficos nacionales e internacionales, publicados en revistas del \u00e1rea durante seis d\u00e9cadas, e identificamos: a) c\u00f3mo evolucionan las revistas cient\u00edficas en el campo; b) cu\u00e1les son las principales estrategias de legitimaci\u00f3n que sustentan lo que es un aporte cient\u00edfico; c) c\u00f3mo estas estrategias reflejan el crecimiento cualitativo y cuantitativo del campo de la Administraci\u00f3n. Finalmente, analizamos los desaf\u00edos impuestos por las m\u00e9tricas de internacionalizaci\u00f3n y argumentamos que la contribuci\u00f3n de las revistas acad\u00e9micas en Brasil al desarrollo del conocimiento en Administraci\u00f3n debe verse a la luz del juego de poder del campo, actualmente amenazado por el recorte de recursos p\u00fablicos que sostuvo su expansi\u00f3n \u00a0cuantitativa durante las \u00faltimas d\u00e9cadas.<\/p>\n<p><iframe loading=\"lazy\" title=\"YouTube video player\" src=\"https:\/\/www.youtube.com\/embed\/d3iM917KA9Q\" width=\"560\" height=\"315\" frameborder=\"0\" allowfullscreen=\"allowfullscreen\"><\/iframe><\/p>\n<h3>Referencias<\/h3>\n<p>BARROS, A. and CARRIERI, A. Ensino superior em administra\u00e7\u00e3o entre os anos 1940 e 1950: Uma discuss\u00e3o a partir dos acordos de coopera\u00e7\u00e3o Brasil-Estados Unidos.\u00a0<em>Cadernos EBAPE.BR<\/em>\u00a0[online]. 2013, vol.11, no.02, pp. 256-273 [viewed 12 May 2021].\u00a0<a href=\"https:\/\/doi.org\/10.1590\/s1679-39512013000200005\" target=\"_blank\" rel=\"noopener noreferrer\">https:\/\/doi.org\/10.1590\/s1679-39512013000200005\u00a0<\/a>. Available from:\u00a0<a href=\"http:\/\/ref.scielo.org\/334m3n\" target=\"_blank\" rel=\"noopener noreferrer\">http:\/\/ref.scielo.org\/334m3n<\/a><\/p>\n<p>BERTERO, C. O. A problem\u00e1tica educa\u00e7\u00e3o de administradores.<\/p>\n<p><em>RAE-Revista de Administra\u00e7\u00e3o de Empresas<\/em>\u00a0[online]. 2003, vol. 43, no.02, pp. 10-10 [viewed 12 May 2021].\u00a0<a href=\"https:\/\/doi.org\/10.1590\/S0034-75902003000200002\" target=\"_blank\" rel=\"noopener noreferrer\">https:\/\/doi.org\/10.1590\/S0034-75902003000200002<\/a>. Available from:\u00a0<a href=\"http:\/\/ref.scielo.org\/3g9n9v\" target=\"_blank\" rel=\"noopener noreferrer\">http:\/\/ref.scielo.org\/3g9n9v<\/a><\/p>\n<p>PECI, A. and ALCADIPANI, R. Demarca\u00e7\u00e3o cient\u00edfica: Uma reflex\u00e3o cr\u00edtica.\u00a0<em>Organiza\u00e7\u00e3o &amp; Sociedade\u00a0<\/em>[online]. 2006, vol.13, no.36, pp. 145-161 [viewed 27 April 2021].\u00a0<a href=\"https:\/\/doi.org\/10.1590\/s1984-92302006000100008\" target=\"_blank\" rel=\"noopener noreferrer\">https:\/\/doi.org\/10.1590\/s1984-92302006000100008\u00a0<\/a>. Available from:\u00a0<a href=\"http:\/\/ref.scielo.org\/w6yc5d\" target=\"_blank\" rel=\"noopener noreferrer\">http:\/\/ref.scielo.org\/w6yc5d<\/a><\/p>\n<p>ROSA, R. A. and ROMANI-DIAS, M. Indexa\u00e7\u00e3o de peri\u00f3dicos e a pol\u00edtica de avalia\u00e7\u00e3o cient\u00edfica: Uma an\u00e1lise do campo de administra\u00e7\u00e3o, contabilidade e turismo no Brasil.\u00a0<em>International\u00a0<\/em><em>Journal of Professional Business Review<\/em>\u00a0[online]. 2019a, vol.04, pp. 1-17 [viewed 27 April 2021].\u00a0<a href=\"https:\/\/doi.org\/10.26668\/businessreview\/2019.v4i2.168\" target=\"_blank\" rel=\"noopener noreferrer\">https:\/\/doi.org\/10.26668\/businessreview\/2019.v4i2.168\u00a0<\/a>. Available from:\u00a0<a href=\"http:\/\/openaccessojs.emnuvens.com.br\/JBReview\/article\/view\/168\" target=\"_blank\" rel=\"noopener noreferrer\">http:\/\/openaccessojs.emnuvens.com.br\/JBReview\/article\/view\/168<\/a><\/p>\n<h3>Para leer el articulo, acesse<\/h3>\n<p>PECI, A.\u00a0 and\u00a0 MONTEIRO, L. A.<span class=\"article-title\">\u00a0ACADEMIC JOURNALS AS AGENTS OF THE SCIENTIFIC FIELD OF ADMINISTRATION.<\/span><i>\u00a0Rev. adm. empres.<\/i>\u00a0[online]. 2021, vol.61, no.03 [viewed 27 April 2021].\u00a0<a href=\"https:\/\/doi.org\/10.1590\/s0034-759020210306x\" target=\"_blank\" rel=\"noopener noreferrer\">https:\/\/doi.org\/10.1590\/s0034-759020210306x<\/a>. Available from:\u00a0<a href=\"http:\/\/ref.scielo.org\/rqjb6r\" target=\"_blank\" rel=\"noopener noreferrer\">http:\/\/ref.scielo.org\/rqjb6r<\/a><\/p>\n<h3>Enlaces externos<\/h3>\n<p>RAE-Revista De Administra\u00e7\u00e3o De Empresas \u2013 RAE:\u00a0<a href=\"http:\/\/www.scielo.br\/rae\" target=\"_blank\" rel=\"noopener noreferrer\">www.scielo.br\/rae<\/a><\/p>\n<h3>Sobre las autoras<\/h3>\n<p><a href=\"https:\/\/humanas.blog.scielo.org\/wp-content\/uploads\/2021\/05\/Imagem_post-8_Alketa-Peci_Revistas-acad%C3%AAmicas-no-campo-cient%C3%ADfico-de-Administra%C3%A7%C3%A3o-estrelas-ou-coadjuvantes.jpg\" target=\"_blank\" rel=\"noopener noreferrer\"><img loading=\"lazy\" decoding=\"async\" class=\"size-full wp-image-7956 alignleft\" src=\"https:\/\/humanas.blog.scielo.org\/wp-content\/uploads\/2021\/05\/Imagem_post-8_Alketa-Peci_Revistas-acad%C3%AAmicas-no-campo-cient%C3%ADfico-de-Administra%C3%A7%C3%A3o-estrelas-ou-coadjuvantes.jpg\" alt=\"\" width=\"150\" height=\"150\" \/><\/a><\/p>\n<p><strong>Alketa Peci <\/strong><\/p>\n<p>Licenciada en Administraci\u00f3n de Empresas por la Universidad de Tirana, Maestr\u00eda en Negocios Internacionales para J\u00f3venes Gerentes de Importaci\u00f3n-Exportaci\u00f3n Extranjeros de STOA \/ ICE, Italia, Maestr\u00eda en Administraci\u00f3n P\u00fablica de EBAPE FGV y Doctora en Administraci\u00f3n de EBAPE FGV. Es editora en jefe de RAP-Revista de Administra\u00e7\u00e3o P\u00fablica y Presidenta-Directora de ANPAD. Correo electr\u00f3nico: <a href=\"mailto:alketa.peci@fgv.br\">alketa.peci@fgv.br<\/a><\/p>\n<p><a href=\"https:\/\/humanas.blog.scielo.org\/wp-content\/uploads\/2021\/05\/Imagem_post-8_LIlian-Alfaia-Monteiro_Revistas-acad%C3%AAmicas-no-campo-cient%C3%ADfico-de-Administra%C3%A7%C3%A3o-estrelas-ou-coadjuvantes.jpg\" target=\"_blank\" rel=\"noopener noreferrer\"><img loading=\"lazy\" decoding=\"async\" class=\"alignleft wp-image-7953 size-full\" src=\"https:\/\/humanas.blog.scielo.org\/wp-content\/uploads\/2021\/05\/Imagem_post-8_LIlian-Alfaia-Monteiro_Revistas-acad%C3%AAmicas-no-campo-cient%C3%ADfico-de-Administra%C3%A7%C3%A3o-estrelas-ou-coadjuvantes.jpg\" alt=\"\" width=\"150\" height=\"150\" \/><\/a><\/p>\n<p><strong>Lilian Alfaia Monteiro<\/strong><\/p>\n<p>Licenciada en Psicolog\u00eda por la Universidad Federal de R\u00edo de Janeiro, Mag\u00edster en Administraci\u00f3n P\u00fablica y Doctorado en Administraci\u00f3n, ambas de la Funda\u00e7\u00e3o Get\u00falio Vargas. Es profesora de la Universidad Federal de Juiz de Fora y tiene inter\u00e9s investigador en las \u00e1reas de Estudios Organizacionales, Relaciones Laborales y Gesti\u00f3n de Personas. Correo electr\u00f3nico: <a href=\"mailto:lilian.alfaia@ufjf.edu.br\">lilian.alfaia@ufjf.edu.br<\/a><\/p>\n","protected":false},"excerpt":{"rendered":"<p>\u00bfC\u00f3mo monitorean y reflejan las revistas acad\u00e9micas la din\u00e1mica del campo de la Administraci\u00f3n en Brasil? \u00bfC\u00f3mo se posicionan estos actores en este espacio? Estas preguntas orientan el trabajo, que analiza la din\u00e1mica del campo y refuerza las estrategias para el aporte cient\u00edfico de las revistas. <span class=\"ellipsis\">&hellip;<\/span> <span class=\"more-link-wrap\"><a href=\"https:\/\/humanas.blog.scielo.org\/es\/2021\/05\/20\/revistas-academicas-en-el-campo-cientifico-de-la-administracion-estrellas-o-apoyo\/\" class=\"more-link\"><span>Read More &rarr;<\/span><\/a><\/span><\/p>\n","protected":false},"author":442,"featured_media":250,"comment_status":"open","ping_status":"open","sticky":false,"template":"","format":"standard","meta":{"_monsterinsights_skip_tracking":false,"_monsterinsights_sitenote_active":false,"_monsterinsights_sitenote_note":"","_monsterinsights_sitenote_category":0,"footnotes":"","_links_to":"","_links_to_target":""},"categories":[4,59,37,39,48],"tags":[88,60],"class_list":["post-249","post","type-post","status-publish","format-standard","has-post-thumbnail","hentry","category-press-release","category-rae","category-semana-rae","category-semanas-especiales","category-video","tag-administracion","tag-revista-de-administracao-de-empresas"],"aioseo_notices":[],"_links":{"self":[{"href":"https:\/\/humanas.blog.scielo.org\/es\/wp-json\/wp\/v2\/posts\/249","targetHints":{"allow":["GET"]}}],"collection":[{"href":"https:\/\/humanas.blog.scielo.org\/es\/wp-json\/wp\/v2\/posts"}],"about":[{"href":"https:\/\/humanas.blog.scielo.org\/es\/wp-json\/wp\/v2\/types\/post"}],"author":[{"embeddable":true,"href":"https:\/\/humanas.blog.scielo.org\/es\/wp-json\/wp\/v2\/users\/442"}],"replies":[{"embeddable":true,"href":"https:\/\/humanas.blog.scielo.org\/es\/wp-json\/wp\/v2\/comments?post=249"}],"version-history":[{"count":5,"href":"https:\/\/humanas.blog.scielo.org\/es\/wp-json\/wp\/v2\/posts\/249\/revisions"}],"predecessor-version":[{"id":256,"href":"https:\/\/humanas.blog.scielo.org\/es\/wp-json\/wp\/v2\/posts\/249\/revisions\/256"}],"wp:featuredmedia":[{"embeddable":true,"href":"https:\/\/humanas.blog.scielo.org\/es\/wp-json\/wp\/v2\/media\/250"}],"wp:attachment":[{"href":"https:\/\/humanas.blog.scielo.org\/es\/wp-json\/wp\/v2\/media?parent=249"}],"wp:term":[{"taxonomy":"category","embeddable":true,"href":"https:\/\/humanas.blog.scielo.org\/es\/wp-json\/wp\/v2\/categories?post=249"},{"taxonomy":"post_tag","embeddable":true,"href":"https:\/\/humanas.blog.scielo.org\/es\/wp-json\/wp\/v2\/tags?post=249"}],"curies":[{"name":"wp","href":"https:\/\/api.w.org\/{rel}","templated":true}]}}